{"id":1885,"date":"2016-01-22T23:44:11","date_gmt":"2016-01-22T22:44:11","guid":{"rendered":"http:\/\/www.on-tour.ch\/wordpress\/?p=1885"},"modified":"2016-01-22T23:44:11","modified_gmt":"2016-01-22T22:44:11","slug":"costa-rica","status":"publish","type":"post","link":"http:\/\/www.on-tour.ch\/wordpress\/2016\/01\/22\/costa-rica\/","title":{"rendered":"Costa Rica"},"content":{"rendered":"<p>Die Gelassenheit der Lateinamerikaner scheint ansteckend zu sein, was nicht nur Vorteile mit sich bringt, beispielsweise wenn man f\u00fcr den kurzen Flug von Panama nach Costa Rica einchecken will und am Check-In nach einem Ausreiseticket aus Costa Rica gefragt wird, man jedoch mangels Vorbereitung kein solches vorweisen kann. Aber wird befinden uns gl\u00fccklicherweise ja noch immer in Lateinamerika, weshalb uns die Dame am Check-In Schalter kurz mal eben ihren Computer \u00fcberliess, damit wir noch einen Flug von Costa Rica nach Mexiko buchen konnten.<\/p>\n<p>Ebenfalls etwas unvorbereitet trafen wir kurze Zeit sp\u00e4ter in Costa Rica ein, wo derzeit gerade Hochsaison herrscht. Unser urspr\u00fcnglicher Plan sah daher vor, dass wir dem Touristenansturm entfliehen und mehr oder weniger direkt nach Nicaragua weiterreisen. Wir liessen uns jedoch relativ schnell davon \u00fcberzeugen, auf dem Weg in Richtung Norden doch noch etwas von Costa Ricas Natursch\u00f6nheit mitzunehmen und so suchten wir am zweiten Tag unseres Aufenthaltes in der Hauptstadt San Jos\u00e9 den nahegelegenen Vulkan Po\u00e1s auf.<a href=\"http:\/\/www.on-tour.ch\/wordpress\/wp-content\/uploads\/2016\/01\/costa_rica07.jpg\" rel=\"attachment wp-att-1970\"><img loading=\"lazy\" decoding=\"async\" class=\"size-medium wp-image-1970 alignleft\" src=\"http:\/\/www.on-tour.ch\/wordpress\/wp-content\/uploads\/2016\/01\/costa_rica07-300x225.jpg\" alt=\"costa_rica07\" width=\"300\" height=\"225\" srcset=\"http:\/\/www.on-tour.ch\/wordpress\/wp-content\/uploads\/2016\/01\/costa_rica07-300x225.jpg 300w, http:\/\/www.on-tour.ch\/wordpress\/wp-content\/uploads\/2016\/01\/costa_rica07-768x576.jpg 768w, http:\/\/www.on-tour.ch\/wordpress\/wp-content\/uploads\/2016\/01\/costa_rica07-1024x768.jpg 1024w, http:\/\/www.on-tour.ch\/wordpress\/wp-content\/uploads\/2016\/01\/costa_rica07.jpg 1500w\" sizes=\"auto, (max-width: 300px) 100vw, 300px\" \/><\/a> Da der Bus zu unserer \u00dcberraschung fast bis zum h\u00f6chsten Punkt des Vulkans hochfuhr, stellte sich die Wanderung zum Krater als weit weniger anstrengend heraus, als wir bef\u00fcrchtet bzw. erwartet h\u00e4tten. Der erste und spektakul\u00e4rere der beiden Krater pr\u00e4sentierte sich als gr\u00fcn schimmernder See, umgeben von vielfarbigem Gestein, eingebettet in einem Meer aus flauschigen Wolken. Der Wanderweg f\u00fchrte anschliessend durch dichtbesiedelten Wald zum zweiten Kratersee, welcher sich &#8211; da nicht mehr aktiv &#8211; nicht von einem gew\u00f6hnlichen See unterscheidet.<\/p>\n<p>Am n\u00e4chsten Tag wurden wir am fr\u00fchen Morgen in unserem Hostel abgeholt und nach Limon im Osten Costa Ricas gebracht, <a href=\"http:\/\/www.on-tour.ch\/wordpress\/wp-content\/uploads\/2016\/01\/costa_rica24.jpg\" rel=\"attachment wp-att-1971\"><img loading=\"lazy\" decoding=\"async\" class=\"size-medium wp-image-1971 alignleft\" src=\"http:\/\/www.on-tour.ch\/wordpress\/wp-content\/uploads\/2016\/01\/costa_rica24-169x300.jpg\" alt=\"costa_rica24\" width=\"169\" height=\"300\" srcset=\"http:\/\/www.on-tour.ch\/wordpress\/wp-content\/uploads\/2016\/01\/costa_rica24-169x300.jpg 169w, http:\/\/www.on-tour.ch\/wordpress\/wp-content\/uploads\/2016\/01\/costa_rica24-768x1365.jpg 768w, http:\/\/www.on-tour.ch\/wordpress\/wp-content\/uploads\/2016\/01\/costa_rica24-576x1024.jpg 576w, http:\/\/www.on-tour.ch\/wordpress\/wp-content\/uploads\/2016\/01\/costa_rica24.jpg 1500w\" sizes=\"auto, (max-width: 169px) 100vw, 169px\" \/><\/a>wo eine der sch\u00f6nsten River Rafting Strecken der Welt auf uns wartete. Die rund vierst\u00fcndige Fahrt auf dem Pacuare Fluss bot nebst ordentlich Action (Stufe vier) auch gen\u00fcgend ruhigere Phasen, in welchen wir die wundersch\u00f6ne tropische Vegetation geniessen konnten, welche schon als Kulisse im Film Jurassic Park gedient hat. Nach einer \u00dcbernachtung in La Fortuna stand ein weiterer Vulkan auf unserem Programm, diesmal f\u00fchrte jedoch kein Bus bis zum Gipfel, auch wenn wir uns das zumindest phasenweise gew\u00fcnscht h\u00e4tten. Der Begriff \u201cextreme hiking\u201d war uns vor dem Aufstieg auf den \u201cCerro Chato\u201d noch unbekannt, mittlerweile wissen wir, dass er f\u00fcr eine Mischung aus Wandern, klettern und Schlammringen stehen muss. Auf dem Gipfel bot ein Kratersee immerhin die M\u00f6glichkeit, sich von Schlamm-, Schweiss- und Blutspuren zu befreien, wenngleich diese auch beim Abstieg wieder aufgefrischt wurden.<\/p>\n<p>Nachdem wir auf dem Land- und Seeweg nach Monteverde gereist sind, stand der Folgetag ganz im Zeichen der Erholung und dem Genuss von Kaffeelik\u00f6r mit der River Rafting Crew, bestehend aus einem schwedischen P\u00e4rchen und einem sieben Jahre vor der Pensionierung stehenden Feuerwehrmann aus New York &#8211; dies wohlgemerkt im Alter von 30 Jahren. Bekannt ist Monteverde in erster Linie aufgrund des dort beheimateten Nebelwaldes, wobei wir vermehrt auf Regen und vorallem Wind trafen, denn auf Nebel.<a href=\"http:\/\/www.on-tour.ch\/wordpress\/wp-content\/uploads\/2016\/01\/costa_rica37.jpg\" rel=\"attachment wp-att-1972\"><img loading=\"lazy\" decoding=\"async\" class=\"size-medium wp-image-1972 alignleft\" src=\"http:\/\/www.on-tour.ch\/wordpress\/wp-content\/uploads\/2016\/01\/costa_rica37-300x225.jpg\" alt=\"costa_rica37\" width=\"300\" height=\"225\" srcset=\"http:\/\/www.on-tour.ch\/wordpress\/wp-content\/uploads\/2016\/01\/costa_rica37-300x225.jpg 300w, http:\/\/www.on-tour.ch\/wordpress\/wp-content\/uploads\/2016\/01\/costa_rica37-768x576.jpg 768w, http:\/\/www.on-tour.ch\/wordpress\/wp-content\/uploads\/2016\/01\/costa_rica37-1024x768.jpg 1024w, http:\/\/www.on-tour.ch\/wordpress\/wp-content\/uploads\/2016\/01\/costa_rica37.jpg 1500w\" sizes=\"auto, (max-width: 300px) 100vw, 300px\" \/><\/a> Nichtsdestotrotz bot der Wald einen wunderbaren Anblick, in welchem sich Regenbogen in voller Pracht zwischen den verschieden Waldabschnitten pr\u00e4sentierten. Den Wald erkundschafteten wir meist einige Meter \u00fcber dem Boden, an Drahtseilend h\u00e4ngend. Nebst dem gew\u00f6nhlichen Ziplining durch den Nebelwald wurde die Adrenalinproduktion noch bei einem \u201cTarzan-Schwung\u201d angeregt, bei welchem man sich rund 15 Meter in die Tiefe st\u00fcrzte. Als kr\u00f6nender Abschluss ging es dann zur\u00fcck ans Drahtseil, diesmal jedoch mit dem Gesicht in Richtung Boden gerichtet. In Superman-Position flogen wir am 1.5 km langen Seil zur\u00fcck zum Ausgangspunkt, wo ein weiteres Highlight auf die Nimmersatten unter uns wartete. Beim h\u00f6chsten Bungee-Jump Lateinamerikas hiess es allen Mut zusammenzunehmen und sich aus einer kleinen Gondel 143 Meter in die Tiefe zu St\u00fcrzen, wof\u00fcr man mit einem unbeschreiblichen Gef\u00fchlsmix aus Angst, Freiheit und Erleichterung belohnt wurde und einem Gl\u00fccksgef\u00fchl, welches noch lange anhalten sollte!<\/p>\n<p>Mittlerweile haben wir die Schweiz Zentralamerikas bereits wieder verlassen, werden Costa Rica allerdings in sehr guter Erinnerung behalten. Die wundersch\u00f6ne Landschaft, tolle Leute &#8211; Einheimische und vorallem unsere River Rafting Crew &#8211; und viel Action machten den Aufenthalt in diesem Land zu einem super Erlebnis.<\/p>\n","protected":false},"excerpt":{"rendered":"<p>Die Gelassenheit der Lateinamerikaner scheint ansteckend zu sein, was nicht nur Vorteile mit sich bringt, beispielsweise wenn man f\u00fcr den kurzen Flug von Panama nach Costa Rica einchecken will und am Check-In nach einem Ausreiseticket aus Costa Rica gefragt wird,&hellip; <\/p>\n","protected":false},"author":1,"featured_media":0,"comment_status":"open","ping_status":"open","sticky":false,"template":"","format":"standard","meta":{"ngg_post_thumbnail":0,"footnotes":""},"categories":[27,4],"tags":[],"class_list":["post-1885","post","type-post","status-publish","format-standard","hentry","category-costa-rica","category-reiseberichte"],"_links":{"self":[{"href":"http:\/\/www.on-tour.ch\/wordpress\/wp-json\/wp\/v2\/posts\/1885","targetHints":{"allow":["GET"]}}],"collection":[{"href":"http:\/\/www.on-tour.ch\/wordpress\/wp-json\/wp\/v2\/posts"}],"about":[{"href":"http:\/\/www.on-tour.ch\/wordpress\/wp-json\/wp\/v2\/types\/post"}],"author":[{"embeddable":true,"href":"http:\/\/www.on-tour.ch\/wordpress\/wp-json\/wp\/v2\/users\/1"}],"replies":[{"embeddable":true,"href":"http:\/\/www.on-tour.ch\/wordpress\/wp-json\/wp\/v2\/comments?post=1885"}],"version-history":[{"count":2,"href":"http:\/\/www.on-tour.ch\/wordpress\/wp-json\/wp\/v2\/posts\/1885\/revisions"}],"predecessor-version":[{"id":1973,"href":"http:\/\/www.on-tour.ch\/wordpress\/wp-json\/wp\/v2\/posts\/1885\/revisions\/1973"}],"wp:attachment":[{"href":"http:\/\/www.on-tour.ch\/wordpress\/wp-json\/wp\/v2\/media?parent=1885"}],"wp:term":[{"taxonomy":"category","embeddable":true,"href":"http:\/\/www.on-tour.ch\/wordpress\/wp-json\/wp\/v2\/categories?post=1885"},{"taxonomy":"post_tag","embeddable":true,"href":"http:\/\/www.on-tour.ch\/wordpress\/wp-json\/wp\/v2\/tags?post=1885"}],"curies":[{"name":"wp","href":"https:\/\/api.w.org\/{rel}","templated":true}]}}